{"id":4872,"date":"2026-08-31T17:06:22","date_gmt":"2026-08-31T20:06:22","guid":{"rendered":"https:\/\/hiperbarato.com.br\/blog\/macacao-de-bebe-menina-menino-ponto-perola-saida-maternidade-de-trico-detalhes-enxoval-rn-a63928\/"},"modified":"2026-08-31T17:06:22","modified_gmt":"2026-08-31T20:06:22","slug":"macacao-de-bebe-menina-menino-ponto-perola-saida-maternidade-de-trico-detalhes-enxoval-rn-a63928","status":"publish","type":"post","link":"https:\/\/hiperbarato.com.br\/blog\/macacao-de-bebe-menina-menino-ponto-perola-saida-maternidade-de-trico-detalhes-enxoval-rn-a63928\/","title":{"rendered":"Macac\u00e3o de Beb\u00ea Menina Menino Ponto Perola Sa\u00edda Maternidade de Tric\u00f4 Detalhes Enxoval RN"},"content":{"rendered":"<div class=\"hb-banner\"><span>Entre no grupo gr\u00e1tis de Beb\u00ea e Infantil e receba as melhores ofertas em primeira m\u00e3o<\/span><a href=\"https:\/\/chat.whatsapp.com\/BciY6gjW8027zJfs2egdaN\" target=\"_blank\" rel=\"nofollow noopener\">Entrar agora \u2192<\/a><\/div>\n<p><img decoding=\"async\" src=\"https:\/\/hiperbarato.com.br\/wp-content\/uploads\/2026\/08\/macacao-de-bebe-menina-menino-ponto-perola-saida-maternidade-de-trico-detalhes-enxoval-rn-a63928-produto-1-b243a5.webp\" alt=\"Macac\u00e3o de Beb\u00ea Menina Menino Ponto Perola Sa\u00edda Maternidade de Tric\u00f4 Detalhes Enxoval RN\" loading=\"lazy\" class=\"hb-hero-img\"><\/p>\n<p>O Macac\u00e3o de Beb\u00ea Menina Menino Ponto Perola, dispon\u00edvel por R$ 38,90, se destaca como uma op\u00e7\u00e3o acess\u00edvel e agrad\u00e1vel para a sa\u00edda da maternidade. Este item \u00e9 encontrado em lojas online, proporcionando uma alternativa pr\u00e1tica e confort\u00e1vel para os novos pais selecionarem o enxoval do rec\u00e9m-nascido.<\/p>\n<div class=\"hb-price-box\">\n<div class=\"hb-price-line\">De: <s class=\"hb-price-old\">R$ 79,39<\/s> <span class=\"hb-discount-badge\">-51%<\/span><br \/>Por: <strong class=\"hb-price-now\">R$ 38,90<\/strong> <span class=\"hb-price-hint\">(pode variar \u2014 confira o valor atual no link)<\/span><\/div>\n<\/div>\n<p class=\"hb-aviso-afiliado\" style=\"font-size:13px;color:#777;\">Link de afiliado \u2014 comprando por ele, voc\u00ea apoia o site sem pagar nada a mais.<\/p>\n<p>Com um design que combina eleg\u00e2ncia e funcionalidade, o macac\u00e3o foi confeccionado em tric\u00f4, garantindo um toque macio na pele sens\u00edvel do beb\u00ea. Al\u00e9m disso, sua qualidade superior promete resist\u00eancia e durabilidade, caracter\u00edsticas importantes para roupas de uso frequente na fase inicial da vida.<\/p>\n<h3>Vale a pena para quem?<\/h3>\n<p>Esse macac\u00e3o \u00e9 ideal para pais que buscam um traje que misture conforto e estilo na hora de apresentar o beb\u00ea ao mundo. A praticidade do modelo em tric\u00f4 facilita a troca de roupas, uma tarefa comum nos primeiros dias ap\u00f3s o nascimento.<\/p>\n<p>Al\u00e9m disso, a combina\u00e7\u00e3o de cores e o design delicado tornam este macac\u00e3o uma op\u00e7\u00e3o vers\u00e1til, adequada tanto para meninos como para meninas. O uso de materiais de qualidade ajuda a garantir que a pe\u00e7a se mantenha em bom estado mesmo ap\u00f3s v\u00e1rias lavagens, oferecendo um valor significativo ao investimento feito.<\/p>\n<p>A oferta atual de R$ 38,90 justifica a aquisi\u00e7\u00e3o, principalmente considerando a import\u00e2ncia de vestir os beb\u00eas com conforto nos primeiros momentos de vida. Uma escolha que pode refletir diretamente na praticidade do dia a dia dos novos pais.<\/p>\n<div class=\"hb-pros-contras\">\n<div class=\"hb-pros\"><strong>Pr\u00f3s<\/strong><\/p>\n<ul>\n<li>\u2705 Feito de tric\u00f4, proporcionando conforto e suavidade para a pele do beb\u00ea.<\/li>\n<li>\u2705 Design vers\u00e1til, adequado para meninos e meninas.<\/li>\n<li>\u2705 Material de qualidade que promete durabilidade mesmo ap\u00f3s v\u00e1rias lavagens.<\/li>\n<\/ul>\n<\/div>\n<div class=\"hb-contras\"><strong>Contras<\/strong><\/p>\n<ul>\n<li>\u274c N\u00e3o vem com acess\u00f3rios adicionais para complementar o enxoval.<\/li>\n<li>\u274c Este modelo pode n\u00e3o ser adequado para climas muito quentes, devido ao material utilizado.<\/li>\n<\/ul>\n<\/div>\n<\/div>\n<div class=\"hb-cta-wrap center\"><a href=\"https:\/\/s.shopee.com.br\/5foOVkDupm\" target=\"_blank\" rel=\"nofollow sponsored noopener\" class=\"hb-cta-btn\">Ver oferta \u2192<\/a><\/div>\n<h3>Voc\u00ea tamb\u00e9m pode gostar<\/h3>\n<div class=\"hb-related-grid\"><a href=\"https:\/\/hiperbarato.com.br\/blog\/placa-mae-msi-pro-b840m-p-wifi6e-amd-ryzen-am5-ddr5-matx-m-2-nvme-hdmi-b840m-p-2ee60d\/\" class=\"hb-related-card\"><img decoding=\"async\" src=\"https:\/\/seo.tvhub.com.br\/uploads\/articles\/placa-mae-msi-pro-b840m-p-wifi6e-amd-ryzen-am5-ddr5-matx-m-2-nvme-hdmi-b840m-p-2ee60d-produto-1-6d6114.webp\" alt=\"Placa Mae Msi Pro B840m-P Wifi6e Amd Ryzen Am5 Ddr5 Matx M.2 Nvme Hdmi - B840m-P\" loading=\"lazy\"><\/p>\n<div class=\"titulo\">Placa Mae Msi Pro B840m-P Wifi6e Amd Ryzen Am5 Ddr5 Matx M.2 Nvme Hdmi &#8211; B840m-P<\/div>\n<p><\/a><a href=\"https:\/\/hiperbarato.com.br\/blog\/placa-de-video-nvidia-geforce-msi-rtx5060-8gb-gddr7-128bits-shadow-2x-oc-912-v537-037-1c5c84\/\" class=\"hb-related-card\"><img decoding=\"async\" src=\"https:\/\/seo.tvhub.com.br\/uploads\/articles\/placa-de-video-nvidia-geforce-msi-rtx5060-8gb-gddr7-128bits-shadow-2x-oc-912-v537-037-1c5c84-produto-1-700e30.webp\" alt=\"Placa de V\u00eddeo NVIDIA GeForce MSI RTX5060 8GB GDDR7 128BITS SHADOW 2X OC - 912-V537-037\" loading=\"lazy\"><\/p>\n<div class=\"titulo\">Placa de V\u00eddeo NVIDIA GeForce MSI RTX5060 8GB GDDR7 128BITS SHADOW 2X OC &#8211; 912-V537-037<\/div>\n<p><\/a><a href=\"https:\/\/hiperbarato.com.br\/blog\/yesop-cadeira-de-escritorio-ergonomica-com-apoio-lombar-e-de-pernas-assento-zero-gravity-cor-branco-68837d\/\" class=\"hb-related-card\"><img decoding=\"async\" src=\"https:\/\/seo.tvhub.com.br\/uploads\/articles\/yesop-cadeira-de-escritorio-ergonomica-com-apoio-lombar-e-de-pernas-assento-zero-gravity-cor-branco-68837d-produto-1-052618.webp\" alt=\"YESOP Cadeira De Escrit\u00f3rio Ergon\u00f4mica Com Apoio Lombar E De Pernas Assento Zero Gravity Cor Branco\" loading=\"lazy\"><\/p>\n<div class=\"titulo\">YESOP Cadeira De Escrit\u00f3rio Ergon\u00f4mica Com Apoio Lombar E De Pernas Assento Zero Gravity Cor Branco<\/div>\n<p><\/a><\/div>\n<h3 style=\"margin-top:36px;\">Perguntas frequentes<\/h3>\n<details class=\"hb-faq-item\">\n<summary>O macac\u00e3o \u00e9 unissex?<\/summary>\n<p>Sim, o design do macac\u00e3o \u00e9 vers\u00e1til e pode ser usado tanto por meninos quanto por meninas.<\/p>\n<\/details>\n<details class=\"hb-faq-item\">\n<summary>Qual \u00e9 a faixa et\u00e1ria recomendada para este macac\u00e3o?<\/summary>\n<p>O macac\u00e3o \u00e9 indicado para rec\u00e9m-nascidos, no tamanho de sa\u00edda da maternidade.<\/p>\n<\/details>\n<details class=\"hb-faq-item\">\n<summary>O material do macac\u00e3o \u00e9 antial\u00e9rgico?<\/summary>\n<p>O macac\u00e3o \u00e9 confeccionado em tric\u00f4, que \u00e9 suave e geralmente bem tolerado pela pele sens\u00edvel dos beb\u00eas.<\/p>\n<\/details>\n<div class=\"hb-tags\"><a href=\"\/tag\/bebe-e-infantil\/\" class=\"hb-tag\">#Beb\u00ea e Infantil<\/a><a href=\"\/tag\/macacao\/\" class=\"hb-tag\">#Macac\u00e3o<\/a><a href=\"\/tag\/bebe\/\" class=\"hb-tag\">#Beb\u00ea<\/a><a href=\"\/tag\/menina\/\" class=\"hb-tag\">#Menina<\/a><a href=\"\/tag\/menino\/\" class=\"hb-tag\">#Menino<\/a><\/div>\n<div class=\"hb-cta-wrap center\"><a href=\"https:\/\/s.shopee.com.br\/5foOVkDupm\" target=\"_blank\" rel=\"nofollow sponsored noopener\" class=\"hb-cta-btn\">Ver Oferta Agora \u2192<\/a><\/div>\n<p><script type=\"application\/ld+json\">{\"@context\":\"https:\/\/schema.org\",\"@type\":\"Article\",\"headline\":\"Macac\u00e3o de Beb\u00ea Menina Menino Ponto Perola Sa\u00edda Maternidade de Tric\u00f4 Detalhes Enxoval RN\",\"description\":\"Macac\u00e3o de Beb\u00ea Ponto Perola com desconto de R$ 38,90 oferece conforto e estilo para a sa\u00edda da maternidade.\",\"datePublished\":\"2026-08-31T17:06:22-03:00\",\"dateModified\":\"2026-08-31T17:06:22-03:00\",\"mainEntityOfPage\":{\"@type\":\"WebPage\",\"@id\":\"https:\/\/hiperbarato.com.br\/blog\/macacao-de-bebe-menina-menino-ponto-perola-saida-maternidade-de-trico-detalhes-enxoval-rn-a63928\"},\"publisher\":{\"@type\":\"Organization\",\"name\":\"hiperbarato.com.br\"},\"image\":[\"https:\/\/hiperbarato.com.br\/wp-content\/uploads\/2026\/08\/macacao-de-bebe-menina-menino-ponto-perola-saida-maternidade-de-trico-detalhes-enxoval-rn-a63928-produto-1-b243a5.webp\"]}<\/script><br \/>\n<script type=\"application\/ld+json\">{\"@context\":\"https:\/\/schema.org\",\"@type\":\"FAQPage\",\"mainEntity\":[{\"@type\":\"Question\",\"name\":\"O macac\u00e3o \u00e9 unissex?\",\"acceptedAnswer\":{\"@type\":\"Answer\",\"text\":\"Sim, o design do macac\u00e3o \u00e9 vers\u00e1til e pode ser usado tanto por meninos quanto por meninas.\"}},{\"@type\":\"Question\",\"name\":\"Qual \u00e9 a faixa et\u00e1ria recomendada para este macac\u00e3o?\",\"acceptedAnswer\":{\"@type\":\"Answer\",\"text\":\"O macac\u00e3o \u00e9 indicado para rec\u00e9m-nascidos, no tamanho de sa\u00edda da maternidade.\"}},{\"@type\":\"Question\",\"name\":\"O material do macac\u00e3o \u00e9 antial\u00e9rgico?\",\"acceptedAnswer\":{\"@type\":\"Answer\",\"text\":\"O macac\u00e3o \u00e9 confeccionado em tric\u00f4, que \u00e9 suave e geralmente bem tolerado pela pele sens\u00edvel dos beb\u00eas.\"}}]}<\/script><\/p>\n","protected":false},"excerpt":{"rendered":"<p>Macac\u00e3o de Beb\u00ea Ponto Perola com desconto de R$ 38,90 oferece conforto e estilo para a sa\u00edda da maternidade.<\/p>\n","protected":false},"author":1,"featured_media":4871,"comment_status":"closed","ping_status":"closed","sticky":false,"template":"","format":"standard","meta":{"_kad_post_transparent":"","_kad_post_title":"","_kad_post_layout":"","_kad_post_sidebar_id":"","_kad_post_content_style":"","_kad_post_vertical_padding":"","_kad_post_feature":"","_kad_post_feature_position":"","_kad_post_header":false,"_kad_post_footer":false,"_kad_post_classname":"","footnotes":""},"categories":[5],"tags":[154,90,247,266,265],"class_list":["post-4872","post","type-post","status-publish","format-standard","has-post-thumbnail","hentry","category-bebe-e-infantil","tag-bebe","tag-bebe-e-infantil","tag-macacao","tag-menina","tag-menino"],"_links":{"self":[{"href":"https:\/\/hiperbarato.com.br\/blog\/wp-json\/wp\/v2\/posts\/4872","targetHints":{"allow":["GET"]}}],"collection":[{"href":"https:\/\/hiperbarato.com.br\/blog\/wp-json\/wp\/v2\/posts"}],"about":[{"href":"https:\/\/hiperbarato.com.br\/blog\/wp-json\/wp\/v2\/types\/post"}],"author":[{"embeddable":true,"href":"https:\/\/hiperbarato.com.br\/blog\/wp-json\/wp\/v2\/users\/1"}],"replies":[{"embeddable":true,"href":"https:\/\/hiperbarato.com.br\/blog\/wp-json\/wp\/v2\/comments?post=4872"}],"version-history":[{"count":0,"href":"https:\/\/hiperbarato.com.br\/blog\/wp-json\/wp\/v2\/posts\/4872\/revisions"}],"wp:featuredmedia":[{"embeddable":true,"href":"https:\/\/hiperbarato.com.br\/blog\/wp-json\/wp\/v2\/media\/4871"}],"wp:attachment":[{"href":"https:\/\/hiperbarato.com.br\/blog\/wp-json\/wp\/v2\/media?parent=4872"}],"wp:term":[{"taxonomy":"category","embeddable":true,"href":"https:\/\/hiperbarato.com.br\/blog\/wp-json\/wp\/v2\/categories?post=4872"},{"taxonomy":"post_tag","embeddable":true,"href":"https:\/\/hiperbarato.com.br\/blog\/wp-json\/wp\/v2\/tags?post=4872"}],"curies":[{"name":"wp","href":"https:\/\/api.w.org\/{rel}","templated":true}]}}